{"id":2321,"date":"2022-09-07T18:48:35","date_gmt":"2022-09-07T18:48:35","guid":{"rendered":"http:\/\/www.citmapri.gob.cu\/?p=2321"},"modified":"2022-09-07T18:48:36","modified_gmt":"2022-09-07T18:48:36","slug":"protegiendo-la-capa-de-ozono","status":"publish","type":"post","link":"http:\/\/www.citmapri.gob.cu\/?p=2321","title":{"rendered":"Protegiendo la Capa de Ozono"},"content":{"rendered":"\n<figure class=\"wp-block-image size-large\"><img fetchpriority=\"high\" decoding=\"async\" width=\"698\" height=\"1024\" src=\"http:\/\/www.citmapri.gob.cu\/wp-content\/uploads\/2022\/09\/301168026_604616261288344_9083952455165188103_n-698x1024.jpg\" alt=\"\" class=\"wp-image-2322\" srcset=\"http:\/\/www.citmapri.gob.cu\/wp-content\/uploads\/2022\/09\/301168026_604616261288344_9083952455165188103_n-698x1024.jpg 698w, http:\/\/www.citmapri.gob.cu\/wp-content\/uploads\/2022\/09\/301168026_604616261288344_9083952455165188103_n-205x300.jpg 205w, http:\/\/www.citmapri.gob.cu\/wp-content\/uploads\/2022\/09\/301168026_604616261288344_9083952455165188103_n.jpg 720w\" sizes=\"(max-width: 698px) 100vw, 698px\" \/><\/figure>\n\n\n\n<p>Con motivo de las celebraciones por el \u00abD\u00eda Mundial de la Capa de Ozono\u00bb el pr\u00f3ximo 16 de septiembre, el CITMA, la RED de Voces Ambientales, la RED de Mapa Verde y la UEB Silvicola de Consolaci\u00f3n del Sur, efectuaron una reforestaci\u00f3n de dos hect\u00e1reas de acacias, la siembra tuvo lugar en el Km 122 de la autopista nacional.<\/p>\n\n\n\n<figure class=\"wp-block-image size-large\"><img decoding=\"async\" width=\"768\" height=\"1024\" src=\"http:\/\/www.citmapri.gob.cu\/wp-content\/uploads\/2022\/09\/photo_2022-09-07_15-41-48-768x1024.jpg\" alt=\"\" class=\"wp-image-2323\" srcset=\"http:\/\/www.citmapri.gob.cu\/wp-content\/uploads\/2022\/09\/photo_2022-09-07_15-41-48-768x1024.jpg 768w, http:\/\/www.citmapri.gob.cu\/wp-content\/uploads\/2022\/09\/photo_2022-09-07_15-41-48-225x300.jpg 225w, http:\/\/www.citmapri.gob.cu\/wp-content\/uploads\/2022\/09\/photo_2022-09-07_15-41-48.jpg 960w\" sizes=\"(max-width: 768px) 100vw, 768px\" \/><\/figure>\n\n\n\n<figure class=\"wp-block-image size-large\"><img decoding=\"async\" width=\"768\" height=\"1024\" src=\"http:\/\/www.citmapri.gob.cu\/wp-content\/uploads\/2022\/09\/photo_2022-09-07_15-42-01-768x1024.jpg\" alt=\"\" class=\"wp-image-2325\" srcset=\"http:\/\/www.citmapri.gob.cu\/wp-content\/uploads\/2022\/09\/photo_2022-09-07_15-42-01-768x1024.jpg 768w, http:\/\/www.citmapri.gob.cu\/wp-content\/uploads\/2022\/09\/photo_2022-09-07_15-42-01-225x300.jpg 225w, http:\/\/www.citmapri.gob.cu\/wp-content\/uploads\/2022\/09\/photo_2022-09-07_15-42-01.jpg 960w\" sizes=\"(max-width: 768px) 100vw, 768px\" \/><\/figure>\n\n\n\n<figure class=\"wp-block-image size-large\"><img loading=\"lazy\" decoding=\"async\" width=\"768\" height=\"1024\" src=\"http:\/\/www.citmapri.gob.cu\/wp-content\/uploads\/2022\/09\/photo_2022-09-07_15-42-09-768x1024.jpg\" alt=\"\" class=\"wp-image-2327\" srcset=\"http:\/\/www.citmapri.gob.cu\/wp-content\/uploads\/2022\/09\/photo_2022-09-07_15-42-09-768x1024.jpg 768w, http:\/\/www.citmapri.gob.cu\/wp-content\/uploads\/2022\/09\/photo_2022-09-07_15-42-09-225x300.jpg 225w, http:\/\/www.citmapri.gob.cu\/wp-content\/uploads\/2022\/09\/photo_2022-09-07_15-42-09.jpg 960w\" sizes=\"(max-width: 768px) 100vw, 768px\" \/><\/figure>\n\n\n\n<figure class=\"wp-block-image size-large\"><img loading=\"lazy\" decoding=\"async\" width=\"768\" height=\"1024\" src=\"http:\/\/www.citmapri.gob.cu\/wp-content\/uploads\/2022\/09\/photo_2022-09-07_15-42-12-768x1024.jpg\" alt=\"\" class=\"wp-image-2328\" srcset=\"http:\/\/www.citmapri.gob.cu\/wp-content\/uploads\/2022\/09\/photo_2022-09-07_15-42-12-768x1024.jpg 768w, http:\/\/www.citmapri.gob.cu\/wp-content\/uploads\/2022\/09\/photo_2022-09-07_15-42-12-225x300.jpg 225w, http:\/\/www.citmapri.gob.cu\/wp-content\/uploads\/2022\/09\/photo_2022-09-07_15-42-12.jpg 960w\" sizes=\"(max-width: 768px) 100vw, 768px\" \/><\/figure>\n\n\n\n<figure class=\"wp-block-image size-large\"><img loading=\"lazy\" decoding=\"async\" width=\"768\" height=\"1024\" src=\"http:\/\/www.citmapri.gob.cu\/wp-content\/uploads\/2022\/09\/photo_2022-09-07_15-42-19-768x1024.jpg\" alt=\"\" class=\"wp-image-2329\" srcset=\"http:\/\/www.citmapri.gob.cu\/wp-content\/uploads\/2022\/09\/photo_2022-09-07_15-42-19-768x1024.jpg 768w, http:\/\/www.citmapri.gob.cu\/wp-content\/uploads\/2022\/09\/photo_2022-09-07_15-42-19-225x300.jpg 225w, http:\/\/www.citmapri.gob.cu\/wp-content\/uploads\/2022\/09\/photo_2022-09-07_15-42-19.jpg 960w\" sizes=\"(max-width: 768px) 100vw, 768px\" \/><\/figure>\n\n\n\n<figure class=\"wp-block-image size-large\"><img loading=\"lazy\" decoding=\"async\" width=\"768\" height=\"1024\" src=\"http:\/\/www.citmapri.gob.cu\/wp-content\/uploads\/2022\/09\/photo_2022-09-07_15-42-22-768x1024.jpg\" alt=\"\" class=\"wp-image-2330\" srcset=\"http:\/\/www.citmapri.gob.cu\/wp-content\/uploads\/2022\/09\/photo_2022-09-07_15-42-22-768x1024.jpg 768w, http:\/\/www.citmapri.gob.cu\/wp-content\/uploads\/2022\/09\/photo_2022-09-07_15-42-22-225x300.jpg 225w, http:\/\/www.citmapri.gob.cu\/wp-content\/uploads\/2022\/09\/photo_2022-09-07_15-42-22.jpg 960w\" sizes=\"(max-width: 768px) 100vw, 768px\" \/><\/figure>\n<div class=\"pdfprnt-buttons pdfprnt-buttons-post pdfprnt-bottom-right\"><a href=\"http:\/\/www.citmapri.gob.cu\/index.php?rest_route=%2Fwp%2Fv2%2Fposts%2F2321&print=pdf\" class=\"pdfprnt-button pdfprnt-button-pdf\" target=\"_blank\" ><img decoding=\"async\" src=\"http:\/\/www.citmapri.gob.cu\/wp-content\/plugins\/pdf-print\/images\/pdf.png\" alt=\"image_pdf\" title=\"Ver PDF\" \/><span class=\"pdfprnt-button-title pdfprnt-button-pdf-title\">Descargar en PDF<\/span><\/a><a href=\"http:\/\/www.citmapri.gob.cu\/index.php?rest_route=%2Fwp%2Fv2%2Fposts%2F2321&print=print\" class=\"pdfprnt-button pdfprnt-button-print\" target=\"_blank\" ><img decoding=\"async\" src=\"http:\/\/www.citmapri.gob.cu\/wp-content\/plugins\/pdf-print\/images\/print.png\" alt=\"image_print\" title=\"Imprimir contenido\" \/><span class=\"pdfprnt-button-title pdfprnt-button-print-title\">Imprimir<\/span><\/a><\/div>","protected":false},"excerpt":{"rendered":"<p>Con motivo de las celebraciones por el \u00abD\u00eda Mundial de la Capa de Ozono\u00bb el pr\u00f3ximo 16 de septiembre, el CITMA, la RED de Voces Ambientales, la RED de Mapa Verde y la UEB Silvicola de Consolaci\u00f3n del Sur, efectuaron una reforestaci\u00f3n de dos hect\u00e1reas de acacias, la siembra tuvo lugar en el Km 122 &hellip;<\/p>\n<p class=\"read-more\"> <a class=\"\" href=\"http:\/\/www.citmapri.gob.cu\/?p=2321\"> <span class=\"screen-reader-text\">Protegiendo la Capa de Ozono<\/span> Read More \u00bb<\/a><\/p>\n","protected":false},"author":10,"featured_media":2322,"comment_status":"open","ping_status":"open","sticky":false,"template":"","format":"standard","meta":{"site-sidebar-layout":"default","site-content-layout":"default","ast-global-header-display":"","ast-main-header-display":"","ast-hfb-above-header-display":"","ast-hfb-below-header-display":"","ast-hfb-mobile-header-display":"","site-post-title":"","ast-breadcrumbs-content":"","ast-featured-img":"","footer-sml-layout":"","theme-transparent-header-meta":"default","adv-header-id-meta":"","stick-header-meta":"default","header-above-stick-meta":"","header-main-stick-meta":"","header-below-stick-meta":"","_glsr_average":0,"_glsr_ranking":0,"_glsr_reviews":0,"footnotes":""},"categories":[7],"tags":[],"ppma_author":[16],"class_list":["post-2321","post","type-post","status-publish","format-standard","has-post-thumbnail","hentry","category-medio-ambiente"],"yoast_head":"<!-- This site is optimized with the Yoast SEO plugin v27.5 - https:\/\/yoast.com\/product\/yoast-seo-wordpress\/ -->\n<title>Protegiendo la Capa de Ozono - CITMA PINAR DEL R\u00cdO<\/title>\n<meta name=\"robots\" content=\"index, follow, max-snippet:-1, max-image-preview:large, max-video-preview:-1\" \/>\n<link rel=\"canonical\" href=\"http:\/\/www.citmapri.gob.cu\/?p=2321\" \/>\n<meta property=\"og:locale\" content=\"es_ES\" \/>\n<meta property=\"og:type\" content=\"article\" \/>\n<meta property=\"og:title\" content=\"Protegiendo la Capa de Ozono - CITMA PINAR DEL R\u00cdO\" \/>\n<meta property=\"og:description\" content=\"Con motivo de las celebraciones por el \u00abD\u00eda Mundial de la Capa de Ozono\u00bb el pr\u00f3ximo 16 de septiembre, el CITMA, la RED de Voces Ambientales, la RED de Mapa Verde y la UEB Silvicola de Consolaci\u00f3n del Sur, efectuaron una reforestaci\u00f3n de dos hect\u00e1reas de acacias, la siembra tuvo lugar en el Km 122 &hellip; Protegiendo la Capa de Ozono Read More \u00bb\" \/>\n<meta property=\"og:url\" content=\"http:\/\/www.citmapri.gob.cu\/?p=2321\" \/>\n<meta property=\"og:site_name\" content=\"CITMA PINAR DEL R\u00cdO\" \/>\n<meta property=\"article:publisher\" content=\"https:\/\/www.facebook.com\/citmapr\" \/>\n<meta property=\"article:published_time\" content=\"2022-09-07T18:48:35+00:00\" \/>\n<meta property=\"article:modified_time\" content=\"2022-09-07T18:48:36+00:00\" \/>\n<meta property=\"og:image\" content=\"http:\/\/www.citmapri.gob.cu\/wp-content\/uploads\/2022\/09\/301168026_604616261288344_9083952455165188103_n.jpg\" \/>\n\t<meta property=\"og:image:width\" content=\"720\" \/>\n\t<meta property=\"og:image:height\" content=\"1056\" \/>\n\t<meta property=\"og:image:type\" content=\"image\/jpeg\" \/>\n<meta name=\"author\" content=\"Yamira Martinez Toledo\" \/>\n<meta name=\"twitter:card\" content=\"summary_large_image\" \/>\n<meta name=\"twitter:label1\" content=\"Escrito por\" \/>\n\t<meta name=\"twitter:data1\" content=\"Comunicador Citma Pinar\" \/>\n<script type=\"application\/ld+json\" class=\"yoast-schema-graph\">{\"@context\":\"https:\\\/\\\/schema.org\",\"@graph\":[{\"@type\":\"Article\",\"@id\":\"http:\\\/\\\/www.citmapri.gob.cu\\\/?p=2321#article\",\"isPartOf\":{\"@id\":\"http:\\\/\\\/www.citmapri.gob.cu\\\/?p=2321\"},\"author\":{\"name\":\"Comunicador Citma Pinar\",\"@id\":\"http:\\\/\\\/www.citmapri.gob.cu\\\/#\\\/schema\\\/person\\\/6c21f001188831e46f5fe3bfd5061390\"},\"headline\":\"Protegiendo la Capa de Ozono\",\"datePublished\":\"2022-09-07T18:48:35+00:00\",\"dateModified\":\"2022-09-07T18:48:36+00:00\",\"mainEntityOfPage\":{\"@id\":\"http:\\\/\\\/www.citmapri.gob.cu\\\/?p=2321\"},\"wordCount\":67,\"commentCount\":0,\"publisher\":{\"@id\":\"http:\\\/\\\/www.citmapri.gob.cu\\\/#organization\"},\"image\":{\"@id\":\"http:\\\/\\\/www.citmapri.gob.cu\\\/?p=2321#primaryimage\"},\"thumbnailUrl\":\"http:\\\/\\\/www.citmapri.gob.cu\\\/wp-content\\\/uploads\\\/2022\\\/09\\\/301168026_604616261288344_9083952455165188103_n.jpg\",\"articleSection\":[\"Medio Ambiente\"],\"inLanguage\":\"es\",\"potentialAction\":[{\"@type\":\"CommentAction\",\"name\":\"Comment\",\"target\":[\"http:\\\/\\\/www.citmapri.gob.cu\\\/?p=2321#respond\"]}]},{\"@type\":\"WebPage\",\"@id\":\"http:\\\/\\\/www.citmapri.gob.cu\\\/?p=2321\",\"url\":\"http:\\\/\\\/www.citmapri.gob.cu\\\/?p=2321\",\"name\":\"Protegiendo la Capa de Ozono - CITMA PINAR DEL R\u00cdO\",\"isPartOf\":{\"@id\":\"http:\\\/\\\/www.citmapri.gob.cu\\\/#website\"},\"primaryImageOfPage\":{\"@id\":\"http:\\\/\\\/www.citmapri.gob.cu\\\/?p=2321#primaryimage\"},\"image\":{\"@id\":\"http:\\\/\\\/www.citmapri.gob.cu\\\/?p=2321#primaryimage\"},\"thumbnailUrl\":\"http:\\\/\\\/www.citmapri.gob.cu\\\/wp-content\\\/uploads\\\/2022\\\/09\\\/301168026_604616261288344_9083952455165188103_n.jpg\",\"datePublished\":\"2022-09-07T18:48:35+00:00\",\"dateModified\":\"2022-09-07T18:48:36+00:00\",\"breadcrumb\":{\"@id\":\"http:\\\/\\\/www.citmapri.gob.cu\\\/?p=2321#breadcrumb\"},\"inLanguage\":\"es\",\"potentialAction\":[{\"@type\":\"ReadAction\",\"target\":[\"http:\\\/\\\/www.citmapri.gob.cu\\\/?p=2321\"]}]},{\"@type\":\"ImageObject\",\"inLanguage\":\"es\",\"@id\":\"http:\\\/\\\/www.citmapri.gob.cu\\\/?p=2321#primaryimage\",\"url\":\"http:\\\/\\\/www.citmapri.gob.cu\\\/wp-content\\\/uploads\\\/2022\\\/09\\\/301168026_604616261288344_9083952455165188103_n.jpg\",\"contentUrl\":\"http:\\\/\\\/www.citmapri.gob.cu\\\/wp-content\\\/uploads\\\/2022\\\/09\\\/301168026_604616261288344_9083952455165188103_n.jpg\",\"width\":720,\"height\":1056},{\"@type\":\"BreadcrumbList\",\"@id\":\"http:\\\/\\\/www.citmapri.gob.cu\\\/?p=2321#breadcrumb\",\"itemListElement\":[{\"@type\":\"ListItem\",\"position\":1,\"name\":\"Portada\",\"item\":\"http:\\\/\\\/www.citmapri.gob.cu\\\/\"},{\"@type\":\"ListItem\",\"position\":2,\"name\":\"Protegiendo la Capa de Ozono\"}]},{\"@type\":\"WebSite\",\"@id\":\"http:\\\/\\\/www.citmapri.gob.cu\\\/#website\",\"url\":\"http:\\\/\\\/www.citmapri.gob.cu\\\/\",\"name\":\"CITMA PINAR DEL R\u00cdO\",\"description\":\"DELEGACI\u00d3N TERRITORIAL\",\"publisher\":{\"@id\":\"http:\\\/\\\/www.citmapri.gob.cu\\\/#organization\"},\"potentialAction\":[{\"@type\":\"SearchAction\",\"target\":{\"@type\":\"EntryPoint\",\"urlTemplate\":\"http:\\\/\\\/www.citmapri.gob.cu\\\/?s={search_term_string}\"},\"query-input\":{\"@type\":\"PropertyValueSpecification\",\"valueRequired\":true,\"valueName\":\"search_term_string\"}}],\"inLanguage\":\"es\"},{\"@type\":\"Organization\",\"@id\":\"http:\\\/\\\/www.citmapri.gob.cu\\\/#organization\",\"name\":\"CITMA PINAR DEL R\u00cdO\",\"url\":\"http:\\\/\\\/www.citmapri.gob.cu\\\/\",\"logo\":{\"@type\":\"ImageObject\",\"inLanguage\":\"es\",\"@id\":\"http:\\\/\\\/www.citmapri.gob.cu\\\/#\\\/schema\\\/logo\\\/image\\\/\",\"url\":\"http:\\\/\\\/www.citmapri.gob.cu\\\/wp-content\\\/uploads\\\/2019\\\/11\\\/citmapri-logo-cuba.png\",\"contentUrl\":\"http:\\\/\\\/www.citmapri.gob.cu\\\/wp-content\\\/uploads\\\/2019\\\/11\\\/citmapri-logo-cuba.png\",\"width\":233,\"height\":80,\"caption\":\"CITMA PINAR DEL R\u00cdO\"},\"image\":{\"@id\":\"http:\\\/\\\/www.citmapri.gob.cu\\\/#\\\/schema\\\/logo\\\/image\\\/\"},\"sameAs\":[\"https:\\\/\\\/www.facebook.com\\\/citmapr\"]},{\"@type\":\"Person\",\"@id\":\"http:\\\/\\\/www.citmapri.gob.cu\\\/#\\\/schema\\\/person\\\/6c21f001188831e46f5fe3bfd5061390\",\"name\":\"Comunicador Citma Pinar\",\"image\":{\"@type\":\"ImageObject\",\"inLanguage\":\"es\",\"@id\":\"https:\\\/\\\/secure.gravatar.com\\\/avatar\\\/004da2f534007e47dec140e947e31ef57fb23544902375d219e7f75ad08ac373?s=96&d=mm&r=g28b6ae7939c6ddb6f76874e631048c5f\",\"url\":\"https:\\\/\\\/secure.gravatar.com\\\/avatar\\\/004da2f534007e47dec140e947e31ef57fb23544902375d219e7f75ad08ac373?s=96&d=mm&r=g\",\"contentUrl\":\"https:\\\/\\\/secure.gravatar.com\\\/avatar\\\/004da2f534007e47dec140e947e31ef57fb23544902375d219e7f75ad08ac373?s=96&d=mm&r=g\",\"caption\":\"Comunicador Citma Pinar\"},\"url\":\"http:\\\/\\\/www.citmapri.gob.cu\\\/?author=10\"}]}<\/script>\n<!-- \/ Yoast SEO plugin. -->","yoast_head_json":{"title":"Protegiendo la Capa de Ozono - CITMA PINAR DEL R\u00cdO","robots":{"index":"index","follow":"follow","max-snippet":"max-snippet:-1","max-image-preview":"max-image-preview:large","max-video-preview":"max-video-preview:-1"},"canonical":"http:\/\/www.citmapri.gob.cu\/?p=2321","og_locale":"es_ES","og_type":"article","og_title":"Protegiendo la Capa de Ozono - CITMA PINAR DEL R\u00cdO","og_description":"Con motivo de las celebraciones por el \u00abD\u00eda Mundial de la Capa de Ozono\u00bb el pr\u00f3ximo 16 de septiembre, el CITMA, la RED de Voces Ambientales, la RED de Mapa Verde y la UEB Silvicola de Consolaci\u00f3n del Sur, efectuaron una reforestaci\u00f3n de dos hect\u00e1reas de acacias, la siembra tuvo lugar en el Km 122 &hellip; Protegiendo la Capa de Ozono Read More \u00bb","og_url":"http:\/\/www.citmapri.gob.cu\/?p=2321","og_site_name":"CITMA PINAR DEL R\u00cdO","article_publisher":"https:\/\/www.facebook.com\/citmapr","article_published_time":"2022-09-07T18:48:35+00:00","article_modified_time":"2022-09-07T18:48:36+00:00","og_image":[{"width":720,"height":1056,"url":"http:\/\/www.citmapri.gob.cu\/wp-content\/uploads\/2022\/09\/301168026_604616261288344_9083952455165188103_n.jpg","type":"image\/jpeg"}],"author":"Yamira Martinez Toledo","twitter_card":"summary_large_image","twitter_misc":{"Escrito por":"Comunicador Citma Pinar"},"schema":{"@context":"https:\/\/schema.org","@graph":[{"@type":"Article","@id":"http:\/\/www.citmapri.gob.cu\/?p=2321#article","isPartOf":{"@id":"http:\/\/www.citmapri.gob.cu\/?p=2321"},"author":{"name":"Comunicador Citma Pinar","@id":"http:\/\/www.citmapri.gob.cu\/#\/schema\/person\/6c21f001188831e46f5fe3bfd5061390"},"headline":"Protegiendo la Capa de Ozono","datePublished":"2022-09-07T18:48:35+00:00","dateModified":"2022-09-07T18:48:36+00:00","mainEntityOfPage":{"@id":"http:\/\/www.citmapri.gob.cu\/?p=2321"},"wordCount":67,"commentCount":0,"publisher":{"@id":"http:\/\/www.citmapri.gob.cu\/#organization"},"image":{"@id":"http:\/\/www.citmapri.gob.cu\/?p=2321#primaryimage"},"thumbnailUrl":"http:\/\/www.citmapri.gob.cu\/wp-content\/uploads\/2022\/09\/301168026_604616261288344_9083952455165188103_n.jpg","articleSection":["Medio Ambiente"],"inLanguage":"es","potentialAction":[{"@type":"CommentAction","name":"Comment","target":["http:\/\/www.citmapri.gob.cu\/?p=2321#respond"]}]},{"@type":"WebPage","@id":"http:\/\/www.citmapri.gob.cu\/?p=2321","url":"http:\/\/www.citmapri.gob.cu\/?p=2321","name":"Protegiendo la Capa de Ozono - CITMA PINAR DEL R\u00cdO","isPartOf":{"@id":"http:\/\/www.citmapri.gob.cu\/#website"},"primaryImageOfPage":{"@id":"http:\/\/www.citmapri.gob.cu\/?p=2321#primaryimage"},"image":{"@id":"http:\/\/www.citmapri.gob.cu\/?p=2321#primaryimage"},"thumbnailUrl":"http:\/\/www.citmapri.gob.cu\/wp-content\/uploads\/2022\/09\/301168026_604616261288344_9083952455165188103_n.jpg","datePublished":"2022-09-07T18:48:35+00:00","dateModified":"2022-09-07T18:48:36+00:00","breadcrumb":{"@id":"http:\/\/www.citmapri.gob.cu\/?p=2321#breadcrumb"},"inLanguage":"es","potentialAction":[{"@type":"ReadAction","target":["http:\/\/www.citmapri.gob.cu\/?p=2321"]}]},{"@type":"ImageObject","inLanguage":"es","@id":"http:\/\/www.citmapri.gob.cu\/?p=2321#primaryimage","url":"http:\/\/www.citmapri.gob.cu\/wp-content\/uploads\/2022\/09\/301168026_604616261288344_9083952455165188103_n.jpg","contentUrl":"http:\/\/www.citmapri.gob.cu\/wp-content\/uploads\/2022\/09\/301168026_604616261288344_9083952455165188103_n.jpg","width":720,"height":1056},{"@type":"BreadcrumbList","@id":"http:\/\/www.citmapri.gob.cu\/?p=2321#breadcrumb","itemListElement":[{"@type":"ListItem","position":1,"name":"Portada","item":"http:\/\/www.citmapri.gob.cu\/"},{"@type":"ListItem","position":2,"name":"Protegiendo la Capa de Ozono"}]},{"@type":"WebSite","@id":"http:\/\/www.citmapri.gob.cu\/#website","url":"http:\/\/www.citmapri.gob.cu\/","name":"CITMA PINAR DEL R\u00cdO","description":"DELEGACI\u00d3N TERRITORIAL","publisher":{"@id":"http:\/\/www.citmapri.gob.cu\/#organization"},"potentialAction":[{"@type":"SearchAction","target":{"@type":"EntryPoint","urlTemplate":"http:\/\/www.citmapri.gob.cu\/?s={search_term_string}"},"query-input":{"@type":"PropertyValueSpecification","valueRequired":true,"valueName":"search_term_string"}}],"inLanguage":"es"},{"@type":"Organization","@id":"http:\/\/www.citmapri.gob.cu\/#organization","name":"CITMA PINAR DEL R\u00cdO","url":"http:\/\/www.citmapri.gob.cu\/","logo":{"@type":"ImageObject","inLanguage":"es","@id":"http:\/\/www.citmapri.gob.cu\/#\/schema\/logo\/image\/","url":"http:\/\/www.citmapri.gob.cu\/wp-content\/uploads\/2019\/11\/citmapri-logo-cuba.png","contentUrl":"http:\/\/www.citmapri.gob.cu\/wp-content\/uploads\/2019\/11\/citmapri-logo-cuba.png","width":233,"height":80,"caption":"CITMA PINAR DEL R\u00cdO"},"image":{"@id":"http:\/\/www.citmapri.gob.cu\/#\/schema\/logo\/image\/"},"sameAs":["https:\/\/www.facebook.com\/citmapr"]},{"@type":"Person","@id":"http:\/\/www.citmapri.gob.cu\/#\/schema\/person\/6c21f001188831e46f5fe3bfd5061390","name":"Comunicador Citma Pinar","image":{"@type":"ImageObject","inLanguage":"es","@id":"https:\/\/secure.gravatar.com\/avatar\/004da2f534007e47dec140e947e31ef57fb23544902375d219e7f75ad08ac373?s=96&d=mm&r=g28b6ae7939c6ddb6f76874e631048c5f","url":"https:\/\/secure.gravatar.com\/avatar\/004da2f534007e47dec140e947e31ef57fb23544902375d219e7f75ad08ac373?s=96&d=mm&r=g","contentUrl":"https:\/\/secure.gravatar.com\/avatar\/004da2f534007e47dec140e947e31ef57fb23544902375d219e7f75ad08ac373?s=96&d=mm&r=g","caption":"Comunicador Citma Pinar"},"url":"http:\/\/www.citmapri.gob.cu\/?author=10"}]}},"authors":[{"term_id":16,"user_id":2,"is_guest":0,"slug":null,"display_name":"Yamira Martinez Toledo","avatar_url":"https:\/\/secure.gravatar.com\/avatar\/581e4c54359f64c66e5f61da718aa618f6494a7fc97e81bb899d49b11159f833?s=96&d=mm&r=g","0":null,"1":"","2":"","3":"","4":"","5":"","6":"","7":"","8":""}],"_links":{"self":[{"href":"http:\/\/www.citmapri.gob.cu\/index.php?rest_route=\/wp\/v2\/posts\/2321","targetHints":{"allow":["GET"]}}],"collection":[{"href":"http:\/\/www.citmapri.gob.cu\/index.php?rest_route=\/wp\/v2\/posts"}],"about":[{"href":"http:\/\/www.citmapri.gob.cu\/index.php?rest_route=\/wp\/v2\/types\/post"}],"author":[{"embeddable":true,"href":"http:\/\/www.citmapri.gob.cu\/index.php?rest_route=\/wp\/v2\/users\/10"}],"replies":[{"embeddable":true,"href":"http:\/\/www.citmapri.gob.cu\/index.php?rest_route=%2Fwp%2Fv2%2Fcomments&post=2321"}],"version-history":[{"count":0,"href":"http:\/\/www.citmapri.gob.cu\/index.php?rest_route=\/wp\/v2\/posts\/2321\/revisions"}],"wp:featuredmedia":[{"embeddable":true,"href":"http:\/\/www.citmapri.gob.cu\/index.php?rest_route=\/wp\/v2\/media\/2322"}],"wp:attachment":[{"href":"http:\/\/www.citmapri.gob.cu\/index.php?rest_route=%2Fwp%2Fv2%2Fmedia&parent=2321"}],"wp:term":[{"taxonomy":"category","embeddable":true,"href":"http:\/\/www.citmapri.gob.cu\/index.php?rest_route=%2Fwp%2Fv2%2Fcategories&post=2321"},{"taxonomy":"post_tag","embeddable":true,"href":"http:\/\/www.citmapri.gob.cu\/index.php?rest_route=%2Fwp%2Fv2%2Ftags&post=2321"},{"taxonomy":"author","embeddable":true,"href":"http:\/\/www.citmapri.gob.cu\/index.php?rest_route=%2Fwp%2Fv2%2Fppma_author&post=2321"}],"curies":[{"name":"wp","href":"https:\/\/api.w.org\/{rel}","templated":true}]}}